{"id":9461,"date":"2025-10-13T09:00:00","date_gmt":"2025-10-13T09:00:00","guid":{"rendered":"https:\/\/altpro.com\/zvonimir-viduka-named-ey-entrepreneur-of-the-year-2025\/"},"modified":"2026-01-20T12:38:29","modified_gmt":"2026-01-20T12:38:29","slug":"zvonimir-viduka-proglasen-ey-poduzetnikom-godine-2025","status":"publish","type":"post","link":"https:\/\/altpro.com\/hr\/zvonimir-viduka-proglasen-ey-poduzetnikom-godine-2025\/","title":{"rendered":"Zvonimir Viduka progla\u0161en EY Poduzetnikom godine 2025."},"content":{"rendered":"\n<p>Na jubilarnom, desetom hrvatskom izdanju presti\u017enog globalnog programa EY Poduzetnik godine, <strong>Zvonimir Viduka<\/strong>, osniva\u010d i direktor tvrtke ALTPRO, progla\u0161en je <strong>najuspje\u0161nijim hrvatskim poduzetnikom za 2025. godinu.<\/strong><\/p>\n\n\n\n<p>Prema odluci neovisnog \u017eirija, Viduka je izabran me\u0111u 32 kandidata iz 26 uspje\u0161nih hrvatskih kompanija, odnosno izme\u0111u sedam finalistica i finalista iz \u0161est tvrtki. Kao hrvatski dobitnik, predstavljat \u0107e Hrvatsku na<strong> svjetskoj zavr\u0161nici EY Poduzetnika godine u Monacu <\/strong>u svibnju 2026. godine, gdje \u0107e se natjecati s najuspje\u0161nijim poduzetnicima iz cijelog svijeta.<\/p>\n\n\n\n<p>\u201e<em>Odlukom hrvatskih poduzetnika dobio sam nagradu kao poduzetnik godine. Sretan sam \u0161to mi je to\u010dno prije 50 godina proradio prvi ure\u0111aj, a zadnjih 30 godina poduzetni\u0161tva su dokaz da je \u017eivot hobi. Izuzetno sam sretan \u0161to u ime hrvatske visoko tehnolo\u0161ke industrijske elektronike primam ovakvo priznanje. Mi ovdje svi zajedno stvaramo novo gospodarstvo, to je dokaz jedne \u0161irine ove dr\u017eave i njezinog puta prema gospodarstvu poduzetnika, znanja i bolje budu\u0107nosti za na\u0161e mlade\u201c,<\/em> izjavio je u svom pobjedni\u010dkom govoru Zvonimir Viduka.<\/p>\n\n\n\n<p>Ova nagrada predstavlja veliko priznanje ne samo za na\u0161eg direktora, nego i za cijeli ALTPRO. Od osnutka 1994. godine u Zagrebu, pro\u0161li smo put od malog poduze\u0107a do vode\u0107eg hrvatskog proizvo\u0111a\u010da i izvoznika sustava za sigurnost \u017eeljezni\u010dkog prometa. Ponosni smo \u0161to je na\u0161 rad, utemeljen na inovacijama, kvaliteti i znanju, prepoznat kao primjer uspje\u0161nog hrvatskog poduzetni\u0161tva.<\/p>\n\n\n\n<p>\u010cestitamo na\u0161em direktoru na ovom iznimnom uspjehu i zahvaljujemo svim kolegama, partnerima i suradnicima koji su dio na\u0161e pri\u010de!<\/p>\n\n\n\n<p>Press:&nbsp;<a href=\"https:\/\/vijesti.hrt.hr\/gospodarstvo\/hrvatska-slavi-poduzetnicki-uspjeh-poznati-finalisti-prestiznog-izbora-12374556\" target=\"_blank\" rel=\"noreferrer noopener\">HRT,&nbsp;<\/a><a href=\"https:\/\/novac.jutarnji.hr\/novac\/infobox\/deseti-hrvatski-ey-poduzetnik-godine-je-zvonimir-viduka-osnivac-i-direktor-tvrtke-altpro-15631516\" target=\"_blank\" rel=\"noreferrer noopener\">Jutarnji list,&nbsp;<\/a><a href=\"https:\/\/www.tportal.hr\/biznis\/clanak\/zvonimir-viduka-proglasen-je-poduzetnikom-godine-mi-ovdje-svi-zajedno-stvaramo-novo-gospodarstvo-20251011?meta_refresh=1\" target=\"_blank\" rel=\"noreferrer noopener\">Tportal,&nbsp;<\/a><a href=\"https:\/\/www.poslovni.hr\/hrvatska\/foto-proglasen-hrvatski-ey-poduzetnik-za-2025-godinu-4505828\" target=\"_blank\" rel=\"noreferrer noopener\">Poslovni dnevnik<\/a>,&nbsp;<a href=\"https:\/\/net.hr\/danas\/vijesti\/hrvatski-poduzetnik-godine-je-zvonimir-viduka-iz-tvrtke-altpro-17dd2797-a688-11f0-8210-9600040c8f8e\" target=\"_blank\" rel=\"noreferrer noopener\">Net.hr<\/a>,&nbsp;<a href=\"https:\/\/www.telegram.hr\/biznis-tech\/proglasen-hrvatski-poduzetnik-godine-zaposljava-vise-od-250-ljudi-i-izvozi-na-sest-kontinenata\/\" target=\"_blank\" rel=\"noreferrer noopener\">Telegram<\/a>,&nbsp;<a href=\"https:\/\/n1info.hr\/biznis\/proglasen-hrvatski-poduzetnik-godine\/\" target=\"_blank\" rel=\"noreferrer noopener\">N1<\/a>,&nbsp;<a href=\"https:\/\/glas-slavonije.hr\/novosti\/ekonomija\/2025\/10\/12\/ey-poduzetnik-godine-je-zvonimir-viduka-723464\/\" target=\"_blank\" rel=\"noreferrer noopener\">Glas Slavonije<\/a><\/p>\n\n\n\n<p>Izvor fotografija: EY, Luka Smuk<\/p>\n\n\n\n<figure class=\"wp-block-gallery has-nested-images columns-default is-cropped wp-block-gallery-1 is-layout-flex wp-block-gallery-is-layout-flex\">\n<figure class=\"wp-block-image size-large\"><img fetchpriority=\"high\" decoding=\"async\" width=\"900\" height=\"600\" data-id=\"4179\" src=\"https:\/\/altpro.com\/wp-content\/uploads\/2025\/11\/imgi_13_EY_3.jpg\" alt=\"\" class=\"wp-image-4179\" srcset=\"https:\/\/altpro.com\/wp-content\/uploads\/2025\/11\/imgi_13_EY_3.jpg 900w, https:\/\/altpro.com\/wp-content\/uploads\/2025\/11\/imgi_13_EY_3-300x200.jpg 300w, https:\/\/altpro.com\/wp-content\/uploads\/2025\/11\/imgi_13_EY_3-768x512.jpg 768w, https:\/\/altpro.com\/wp-content\/uploads\/2025\/11\/imgi_13_EY_3-650x433.jpg 650w\" sizes=\"(max-width: 900px) 100vw, 900px\" \/><\/figure>\n\n\n\n<figure class=\"wp-block-image size-large\"><img decoding=\"async\" width=\"1024\" height=\"682\" data-id=\"4180\" src=\"https:\/\/altpro.com\/wp-content\/uploads\/2025\/11\/imgi_14_EY_1-1024x682.jpg\" alt=\"\" class=\"wp-image-4180\" srcset=\"https:\/\/altpro.com\/wp-content\/uploads\/2025\/11\/imgi_14_EY_1-1024x682.jpg 1024w, https:\/\/altpro.com\/wp-content\/uploads\/2025\/11\/imgi_14_EY_1-300x200.jpg 300w, https:\/\/altpro.com\/wp-content\/uploads\/2025\/11\/imgi_14_EY_1-768x512.jpg 768w, https:\/\/altpro.com\/wp-content\/uploads\/2025\/11\/imgi_14_EY_1-650x433.jpg 650w, https:\/\/altpro.com\/wp-content\/uploads\/2025\/11\/imgi_14_EY_1.jpg 1280w\" sizes=\"(max-width: 1024px) 100vw, 1024px\" \/><\/figure>\n\n\n\n<figure class=\"wp-block-image size-large\"><img decoding=\"async\" width=\"1024\" height=\"682\" data-id=\"4181\" src=\"https:\/\/altpro.com\/wp-content\/uploads\/2025\/11\/imgi_15_EY_2-1024x682.jpg\" alt=\"\" class=\"wp-image-4181\" srcset=\"https:\/\/altpro.com\/wp-content\/uploads\/2025\/11\/imgi_15_EY_2-1024x682.jpg 1024w, https:\/\/altpro.com\/wp-content\/uploads\/2025\/11\/imgi_15_EY_2-300x200.jpg 300w, https:\/\/altpro.com\/wp-content\/uploads\/2025\/11\/imgi_15_EY_2-768x512.jpg 768w, https:\/\/altpro.com\/wp-content\/uploads\/2025\/11\/imgi_15_EY_2-650x433.jpg 650w, https:\/\/altpro.com\/wp-content\/uploads\/2025\/11\/imgi_15_EY_2.jpg 1280w\" sizes=\"(max-width: 1024px) 100vw, 1024px\" \/><\/figure>\n<\/figure>\n","protected":false},"excerpt":{"rendered":"<p>Na jubilarnom, desetom hrvatskom izdanju presti\u017enog globalnog programa EY Poduzetnik godine, Zvonimir Viduka, osniva\u010d i direktor tvrtke ALTPRO, progla\u0161en je najuspje\u0161nijim hrvatskim poduzetnikom za 2025. godinu. Prema odluci neovisnog \u017eirija, Viduka je izabran me\u0111u 32 kandidata iz 26 uspje\u0161nih hrvatskih kompanija, odnosno izme\u0111u sedam finalistica i finalista iz \u0161est tvrtki. Kao hrvatski dobitnik, predstavljat \u0107e [&hellip;]<\/p>\n","protected":false},"author":1,"featured_media":9463,"comment_status":"closed","ping_status":"closed","sticky":false,"template":"","format":"standard","meta":{"_acf_changed":false,"footnotes":""},"categories":[65],"tags":[],"class_list":["post-9461","post","type-post","status-publish","format-standard","has-post-thumbnail","hentry","category-novosti"],"acf":[],"yoast_head":"<!-- This site is optimized with the Yoast SEO plugin v26.0 - https:\/\/yoast.com\/wordpress\/plugins\/seo\/ -->\n<title>Zvonimir Viduka named EY Entrepreneur of the Year 2025 | ALTPRO<\/title>\n<meta name=\"description\" content=\"At the jubilee tenth Croatian edition of the prestigious global EY Entrepreneur of the Year program, Zvonimir Viduka, founder and director of ALTPRO, was named Croatia\u2019s most successful entrepreneur for 2025. According to the decision of an independent jury, Mr. Viduka was selected among 32 candidates from 26 successful Croatian companies, and among seven finalists [\u2026]\" \/>\n<meta name=\"robots\" content=\"index, follow, max-snippet:-1, max-image-preview:large, max-video-preview:-1\" \/>\n<link rel=\"canonical\" href=\"https:\/\/altpro.com\/hr\/zvonimir-viduka-proglasen-ey-poduzetnikom-godine-2025\/\" \/>\n<meta property=\"og:locale\" content=\"hr_HR\" \/>\n<meta property=\"og:type\" content=\"article\" \/>\n<meta property=\"og:title\" content=\"Zvonimir Viduka named EY Entrepreneur of the Year 2025 | ALTPRO\" \/>\n<meta property=\"og:description\" content=\"At the jubilee tenth Croatian edition of the prestigious global EY Entrepreneur of the Year program, Zvonimir Viduka, founder and director of ALTPRO, was named Croatia\u2019s most successful entrepreneur for 2025. According to the decision of an independent jury, Mr. Viduka was selected among 32 candidates from 26 successful Croatian companies, and among seven finalists [\u2026]\" \/>\n<meta property=\"og:url\" content=\"https:\/\/altpro.com\/hr\/zvonimir-viduka-proglasen-ey-poduzetnikom-godine-2025\/\" \/>\n<meta property=\"og:site_name\" content=\"ALTPRO\" \/>\n<meta property=\"article:published_time\" content=\"2025-10-13T09:00:00+00:00\" \/>\n<meta property=\"article:modified_time\" content=\"2026-01-20T12:38:29+00:00\" \/>\n<meta property=\"og:image\" content=\"https:\/\/altpro.com\/wp-content\/uploads\/2025\/11\/imgi_15_EY_2.jpg\" \/>\n\t<meta property=\"og:image:width\" content=\"1280\" \/>\n\t<meta property=\"og:image:height\" content=\"853\" \/>\n\t<meta property=\"og:image:type\" content=\"image\/jpeg\" \/>\n<meta name=\"author\" content=\"michelWP\" \/>\n<meta name=\"twitter:card\" content=\"summary_large_image\" \/>\n<meta name=\"twitter:label1\" content=\"Napisao\/la\" \/>\n\t<meta name=\"twitter:data1\" content=\"michelWP\" \/>\n\t<meta name=\"twitter:label2\" content=\"Procijenjeno vrijeme \u010ditanja\" \/>\n\t<meta name=\"twitter:data2\" content=\"3 minute\" \/>\n<script type=\"application\/ld+json\" class=\"yoast-schema-graph\">{\"@context\":\"https:\/\/schema.org\",\"@graph\":[{\"@type\":\"WebPage\",\"@id\":\"https:\/\/altpro.com\/hr\/zvonimir-viduka-proglasen-ey-poduzetnikom-godine-2025\/\",\"url\":\"https:\/\/altpro.com\/hr\/zvonimir-viduka-proglasen-ey-poduzetnikom-godine-2025\/\",\"name\":\"Zvonimir Viduka named EY Entrepreneur of the Year 2025 | ALTPRO\",\"isPartOf\":{\"@id\":\"https:\/\/altpro.com\/#website\"},\"primaryImageOfPage\":{\"@id\":\"https:\/\/altpro.com\/hr\/zvonimir-viduka-proglasen-ey-poduzetnikom-godine-2025\/#primaryimage\"},\"image\":{\"@id\":\"https:\/\/altpro.com\/hr\/zvonimir-viduka-proglasen-ey-poduzetnikom-godine-2025\/#primaryimage\"},\"thumbnailUrl\":\"https:\/\/altpro.com\/wp-content\/uploads\/2025\/11\/imgi_15_EY_2.jpg\",\"datePublished\":\"2025-10-13T09:00:00+00:00\",\"dateModified\":\"2026-01-20T12:38:29+00:00\",\"author\":{\"@id\":\"https:\/\/altpro.com\/#\/schema\/person\/4b6b8476794ebacfff14168b7dfee0d5\"},\"description\":\"At the jubilee tenth Croatian edition of the prestigious global EY Entrepreneur of the Year program, Zvonimir Viduka, founder and director of ALTPRO, was named Croatia\u2019s most successful entrepreneur for 2025. According to the decision of an independent jury, Mr. Viduka was selected among 32 candidates from 26 successful Croatian companies, and among seven finalists [\u2026]\",\"breadcrumb\":{\"@id\":\"https:\/\/altpro.com\/hr\/zvonimir-viduka-proglasen-ey-poduzetnikom-godine-2025\/#breadcrumb\"},\"inLanguage\":\"hr\",\"potentialAction\":[{\"@type\":\"ReadAction\",\"target\":[\"https:\/\/altpro.com\/hr\/zvonimir-viduka-proglasen-ey-poduzetnikom-godine-2025\/\"]}]},{\"@type\":\"ImageObject\",\"inLanguage\":\"hr\",\"@id\":\"https:\/\/altpro.com\/hr\/zvonimir-viduka-proglasen-ey-poduzetnikom-godine-2025\/#primaryimage\",\"url\":\"https:\/\/altpro.com\/wp-content\/uploads\/2025\/11\/imgi_15_EY_2.jpg\",\"contentUrl\":\"https:\/\/altpro.com\/wp-content\/uploads\/2025\/11\/imgi_15_EY_2.jpg\",\"width\":1280,\"height\":853},{\"@type\":\"BreadcrumbList\",\"@id\":\"https:\/\/altpro.com\/hr\/zvonimir-viduka-proglasen-ey-poduzetnikom-godine-2025\/#breadcrumb\",\"itemListElement\":[{\"@type\":\"ListItem\",\"position\":1,\"name\":\"Home\",\"item\":\"https:\/\/altpro.com\/\"},{\"@type\":\"ListItem\",\"position\":2,\"name\":\"Zvonimir Viduka progla\u0161en EY Poduzetnikom godine 2025.\"}]},{\"@type\":\"WebSite\",\"@id\":\"https:\/\/altpro.com\/#website\",\"url\":\"https:\/\/altpro.com\/\",\"name\":\"ALTPRO\",\"description\":\"We engineer railway safety\",\"potentialAction\":[{\"@type\":\"SearchAction\",\"target\":{\"@type\":\"EntryPoint\",\"urlTemplate\":\"https:\/\/altpro.com\/?s={search_term_string}\"},\"query-input\":{\"@type\":\"PropertyValueSpecification\",\"valueRequired\":true,\"valueName\":\"search_term_string\"}}],\"inLanguage\":\"hr\"},{\"@type\":\"Person\",\"@id\":\"https:\/\/altpro.com\/#\/schema\/person\/4b6b8476794ebacfff14168b7dfee0d5\",\"name\":\"michelWP\",\"image\":{\"@type\":\"ImageObject\",\"inLanguage\":\"hr\",\"@id\":\"https:\/\/altpro.com\/#\/schema\/person\/image\/\",\"url\":\"https:\/\/secure.gravatar.com\/avatar\/2396f1895e66c15a2dc32b7a2cb4bda7cf5792712bfe8117f20e3109b7447481?s=96&d=mm&r=g\",\"contentUrl\":\"https:\/\/secure.gravatar.com\/avatar\/2396f1895e66c15a2dc32b7a2cb4bda7cf5792712bfe8117f20e3109b7447481?s=96&d=mm&r=g\",\"caption\":\"michelWP\"},\"sameAs\":[\"https:\/\/altpro.com\"],\"url\":\"https:\/\/altpro.com\/hr\/author\/michelwp\/\"}]}<\/script>\n<!-- \/ Yoast SEO plugin. -->","yoast_head_json":{"title":"Zvonimir Viduka named EY Entrepreneur of the Year 2025 | ALTPRO","description":"At the jubilee tenth Croatian edition of the prestigious global EY Entrepreneur of the Year program, Zvonimir Viduka, founder and director of ALTPRO, was named Croatia\u2019s most successful entrepreneur for 2025. According to the decision of an independent jury, Mr. Viduka was selected among 32 candidates from 26 successful Croatian companies, and among seven finalists [\u2026]","robots":{"index":"index","follow":"follow","max-snippet":"max-snippet:-1","max-image-preview":"max-image-preview:large","max-video-preview":"max-video-preview:-1"},"canonical":"https:\/\/altpro.com\/hr\/zvonimir-viduka-proglasen-ey-poduzetnikom-godine-2025\/","og_locale":"hr_HR","og_type":"article","og_title":"Zvonimir Viduka named EY Entrepreneur of the Year 2025 | ALTPRO","og_description":"At the jubilee tenth Croatian edition of the prestigious global EY Entrepreneur of the Year program, Zvonimir Viduka, founder and director of ALTPRO, was named Croatia\u2019s most successful entrepreneur for 2025. According to the decision of an independent jury, Mr. Viduka was selected among 32 candidates from 26 successful Croatian companies, and among seven finalists [\u2026]","og_url":"https:\/\/altpro.com\/hr\/zvonimir-viduka-proglasen-ey-poduzetnikom-godine-2025\/","og_site_name":"ALTPRO","article_published_time":"2025-10-13T09:00:00+00:00","article_modified_time":"2026-01-20T12:38:29+00:00","og_image":[{"width":1280,"height":853,"url":"https:\/\/altpro.com\/wp-content\/uploads\/2025\/11\/imgi_15_EY_2.jpg","type":"image\/jpeg"}],"author":"michelWP","twitter_card":"summary_large_image","twitter_misc":{"Napisao\/la":"michelWP","Procijenjeno vrijeme \u010ditanja":"3 minute"},"schema":{"@context":"https:\/\/schema.org","@graph":[{"@type":"WebPage","@id":"https:\/\/altpro.com\/hr\/zvonimir-viduka-proglasen-ey-poduzetnikom-godine-2025\/","url":"https:\/\/altpro.com\/hr\/zvonimir-viduka-proglasen-ey-poduzetnikom-godine-2025\/","name":"Zvonimir Viduka named EY Entrepreneur of the Year 2025 | ALTPRO","isPartOf":{"@id":"https:\/\/altpro.com\/#website"},"primaryImageOfPage":{"@id":"https:\/\/altpro.com\/hr\/zvonimir-viduka-proglasen-ey-poduzetnikom-godine-2025\/#primaryimage"},"image":{"@id":"https:\/\/altpro.com\/hr\/zvonimir-viduka-proglasen-ey-poduzetnikom-godine-2025\/#primaryimage"},"thumbnailUrl":"https:\/\/altpro.com\/wp-content\/uploads\/2025\/11\/imgi_15_EY_2.jpg","datePublished":"2025-10-13T09:00:00+00:00","dateModified":"2026-01-20T12:38:29+00:00","author":{"@id":"https:\/\/altpro.com\/#\/schema\/person\/4b6b8476794ebacfff14168b7dfee0d5"},"description":"At the jubilee tenth Croatian edition of the prestigious global EY Entrepreneur of the Year program, Zvonimir Viduka, founder and director of ALTPRO, was named Croatia\u2019s most successful entrepreneur for 2025. According to the decision of an independent jury, Mr. Viduka was selected among 32 candidates from 26 successful Croatian companies, and among seven finalists [\u2026]","breadcrumb":{"@id":"https:\/\/altpro.com\/hr\/zvonimir-viduka-proglasen-ey-poduzetnikom-godine-2025\/#breadcrumb"},"inLanguage":"hr","potentialAction":[{"@type":"ReadAction","target":["https:\/\/altpro.com\/hr\/zvonimir-viduka-proglasen-ey-poduzetnikom-godine-2025\/"]}]},{"@type":"ImageObject","inLanguage":"hr","@id":"https:\/\/altpro.com\/hr\/zvonimir-viduka-proglasen-ey-poduzetnikom-godine-2025\/#primaryimage","url":"https:\/\/altpro.com\/wp-content\/uploads\/2025\/11\/imgi_15_EY_2.jpg","contentUrl":"https:\/\/altpro.com\/wp-content\/uploads\/2025\/11\/imgi_15_EY_2.jpg","width":1280,"height":853},{"@type":"BreadcrumbList","@id":"https:\/\/altpro.com\/hr\/zvonimir-viduka-proglasen-ey-poduzetnikom-godine-2025\/#breadcrumb","itemListElement":[{"@type":"ListItem","position":1,"name":"Home","item":"https:\/\/altpro.com\/"},{"@type":"ListItem","position":2,"name":"Zvonimir Viduka progla\u0161en EY Poduzetnikom godine 2025."}]},{"@type":"WebSite","@id":"https:\/\/altpro.com\/#website","url":"https:\/\/altpro.com\/","name":"ALTPRO","description":"We engineer railway safety","potentialAction":[{"@type":"SearchAction","target":{"@type":"EntryPoint","urlTemplate":"https:\/\/altpro.com\/?s={search_term_string}"},"query-input":{"@type":"PropertyValueSpecification","valueRequired":true,"valueName":"search_term_string"}}],"inLanguage":"hr"},{"@type":"Person","@id":"https:\/\/altpro.com\/#\/schema\/person\/4b6b8476794ebacfff14168b7dfee0d5","name":"michelWP","image":{"@type":"ImageObject","inLanguage":"hr","@id":"https:\/\/altpro.com\/#\/schema\/person\/image\/","url":"https:\/\/secure.gravatar.com\/avatar\/2396f1895e66c15a2dc32b7a2cb4bda7cf5792712bfe8117f20e3109b7447481?s=96&d=mm&r=g","contentUrl":"https:\/\/secure.gravatar.com\/avatar\/2396f1895e66c15a2dc32b7a2cb4bda7cf5792712bfe8117f20e3109b7447481?s=96&d=mm&r=g","caption":"michelWP"},"sameAs":["https:\/\/altpro.com"],"url":"https:\/\/altpro.com\/hr\/author\/michelwp\/"}]}},"_links":{"self":[{"href":"https:\/\/altpro.com\/hr\/wp-json\/wp\/v2\/posts\/9461","targetHints":{"allow":["GET"]}}],"collection":[{"href":"https:\/\/altpro.com\/hr\/wp-json\/wp\/v2\/posts"}],"about":[{"href":"https:\/\/altpro.com\/hr\/wp-json\/wp\/v2\/types\/post"}],"author":[{"embeddable":true,"href":"https:\/\/altpro.com\/hr\/wp-json\/wp\/v2\/users\/1"}],"replies":[{"embeddable":true,"href":"https:\/\/altpro.com\/hr\/wp-json\/wp\/v2\/comments?post=9461"}],"version-history":[{"count":2,"href":"https:\/\/altpro.com\/hr\/wp-json\/wp\/v2\/posts\/9461\/revisions"}],"predecessor-version":[{"id":9483,"href":"https:\/\/altpro.com\/hr\/wp-json\/wp\/v2\/posts\/9461\/revisions\/9483"}],"wp:featuredmedia":[{"embeddable":true,"href":"https:\/\/altpro.com\/hr\/wp-json\/wp\/v2\/media\/9463"}],"wp:attachment":[{"href":"https:\/\/altpro.com\/hr\/wp-json\/wp\/v2\/media?parent=9461"}],"wp:term":[{"taxonomy":"category","embeddable":true,"href":"https:\/\/altpro.com\/hr\/wp-json\/wp\/v2\/categories?post=9461"},{"taxonomy":"post_tag","embeddable":true,"href":"https:\/\/altpro.com\/hr\/wp-json\/wp\/v2\/tags?post=9461"}],"curies":[{"name":"wp","href":"https:\/\/api.w.org\/{rel}","templated":true}]}}