{"id":9454,"date":"2025-10-07T09:00:00","date_gmt":"2025-10-07T09:00:00","guid":{"rendered":"https:\/\/altpro.com\/minister-of-economy-visits-altpros-new-production-facility-in-velika-gorica\/"},"modified":"2026-01-20T12:40:22","modified_gmt":"2026-01-20T12:40:22","slug":"ministar-gospodarstva-ante-susnjar-posjetio-proizvodni-pogon-altpro-a","status":"publish","type":"post","link":"https:\/\/altpro.com\/hr\/ministar-gospodarstva-ante-susnjar-posjetio-proizvodni-pogon-altpro-a\/","title":{"rendered":"Ministar gospodarstva Ante \u0160u\u0161njar posjetio proizvodni pogon ALTPRO-a"},"content":{"rendered":"\n<p>U ALTPRO-u smo danas ugostili <strong>ministra gospodarstva Antu \u0160u\u0161njara<\/strong>, koji je obi\u0161ao novi proizvodni pogon u Velikoj Gorici i razgovarao s Upravom o planovima za daljnje investicije, modernizaciju proizvodnje, ja\u010danje izvoza i primjenu naprednih tehnologija u \u017eeljezni\u010dkoj industriji.<\/p>\n\n\n\n<p>Tijekom sastanka bilo je rije\u010di o mogu\u0107nostima suradnje s Ministarstvom na podru\u010djima ulaganja, zapo\u0161ljavanja, istra\u017eivanja i razvoja, kao i kori\u0161tenju EU fondova za digitalizaciju, automatizaciju i internacionalizaciju poslovanja. Zajedni\u010dki cilj je ubrzati uvo\u0111enje inovacija i dodatno osna\u017eiti prisutnost hrvatskih tehnolo\u0161kih rje\u0161enja na globalnom tr\u017ei\u0161tu.<\/p>\n\n\n\n<p>Ministar \u0160u\u0161njar istaknuo je va\u017enost partnerstva dr\u017eave i poduzetnika: \u201c<em>Nakon obilaska novog pogona uvjerio sam se da suradnja usmjerena na projekte visoke dodane vrijednosti donosi konkretne rezultate kroz modernizaciju, digitalizaciju i automatizaciju proizvodnje, ve\u0107u pouzdanost i kvalitetu rje\u0161enja te rast konkurentnosti hrvatske industrije<\/em>.\u201d<\/p>\n\n\n\n<p><strong>Predsjednik Uprave i vlasnik ALTPRO-a, Zvonimir Viduka<\/strong>, zahvalio je ministru na podr\u0161ci te naglasio: \u201c<em>Ulaganjem u novi pogon dodatno smo podigli na\u0161e kapacitete i standarde kvalitete. Fokus ostaje na inovacijama, integratorskim projektima i partnerskom pristupu kupcima, uz stalno ja\u010danje izvoza i stvaranje proizvoda visoke dodane vrijednosti<\/em>.\u201d<\/p>\n\n\n\n<p>Novi pogon u Velikoj Gorici rezultat je dugoro\u010dnog ulaganja u razvoj i modernizaciju. Opremljen je naprednim tehnologijama koje omogu\u0107uju ve\u0107u fleksibilnost, br\u017eu isporuku i jo\u0161 vi\u0161u razinu kvalitete u proizvodnji signalno-sigurnosnih sustava za \u017eeljezni\u010dki promet.<\/p>\n\n\n\n<p>Zahvaljujemo ministru i suradnicima na posjetu i potpori te nas veseli \u0161to zajedno gradimo sna\u017eniju, inovativniju i konkurentniju hrvatsku industriju!<\/p>\n\n\n\n<figure class=\"wp-block-gallery has-nested-images columns-default is-cropped wp-block-gallery-1 is-layout-flex wp-block-gallery-is-layout-flex\">\n<figure class=\"wp-block-image size-large\"><img fetchpriority=\"high\" decoding=\"async\" width=\"1024\" height=\"683\" data-id=\"4171\" src=\"https:\/\/altpro.com\/wp-content\/uploads\/2025\/11\/imgi_13_IMG_7627-1024x683.jpg\" alt=\"\" class=\"wp-image-4171\" srcset=\"https:\/\/altpro.com\/wp-content\/uploads\/2025\/11\/imgi_13_IMG_7627-1024x683.jpg 1024w, https:\/\/altpro.com\/wp-content\/uploads\/2025\/11\/imgi_13_IMG_7627-300x200.jpg 300w, https:\/\/altpro.com\/wp-content\/uploads\/2025\/11\/imgi_13_IMG_7627-768x512.jpg 768w, https:\/\/altpro.com\/wp-content\/uploads\/2025\/11\/imgi_13_IMG_7627-1536x1024.jpg 1536w, https:\/\/altpro.com\/wp-content\/uploads\/2025\/11\/imgi_13_IMG_7627-650x433.jpg 650w, https:\/\/altpro.com\/wp-content\/uploads\/2025\/11\/imgi_13_IMG_7627.jpg 2048w\" sizes=\"(max-width: 1024px) 100vw, 1024px\" \/><\/figure>\n\n\n\n<figure class=\"wp-block-image size-large\"><img decoding=\"async\" width=\"1024\" height=\"683\" data-id=\"4172\" src=\"https:\/\/altpro.com\/wp-content\/uploads\/2025\/11\/imgi_14_IMG_7738-1024x683.jpg\" alt=\"\" class=\"wp-image-4172\" srcset=\"https:\/\/altpro.com\/wp-content\/uploads\/2025\/11\/imgi_14_IMG_7738-1024x683.jpg 1024w, https:\/\/altpro.com\/wp-content\/uploads\/2025\/11\/imgi_14_IMG_7738-300x200.jpg 300w, https:\/\/altpro.com\/wp-content\/uploads\/2025\/11\/imgi_14_IMG_7738-768x512.jpg 768w, https:\/\/altpro.com\/wp-content\/uploads\/2025\/11\/imgi_14_IMG_7738-1536x1024.jpg 1536w, https:\/\/altpro.com\/wp-content\/uploads\/2025\/11\/imgi_14_IMG_7738-650x433.jpg 650w, https:\/\/altpro.com\/wp-content\/uploads\/2025\/11\/imgi_14_IMG_7738.jpg 2048w\" sizes=\"(max-width: 1024px) 100vw, 1024px\" \/><\/figure>\n\n\n\n<figure class=\"wp-block-image size-large\"><img decoding=\"async\" width=\"1024\" height=\"683\" data-id=\"4173\" src=\"https:\/\/altpro.com\/wp-content\/uploads\/2025\/11\/imgi_15_IMG_7883-1024x683.jpg\" alt=\"\" class=\"wp-image-4173\" srcset=\"https:\/\/altpro.com\/wp-content\/uploads\/2025\/11\/imgi_15_IMG_7883-1024x683.jpg 1024w, https:\/\/altpro.com\/wp-content\/uploads\/2025\/11\/imgi_15_IMG_7883-300x200.jpg 300w, https:\/\/altpro.com\/wp-content\/uploads\/2025\/11\/imgi_15_IMG_7883-768x512.jpg 768w, https:\/\/altpro.com\/wp-content\/uploads\/2025\/11\/imgi_15_IMG_7883-1536x1024.jpg 1536w, https:\/\/altpro.com\/wp-content\/uploads\/2025\/11\/imgi_15_IMG_7883-650x433.jpg 650w, https:\/\/altpro.com\/wp-content\/uploads\/2025\/11\/imgi_15_IMG_7883.jpg 2048w\" sizes=\"(max-width: 1024px) 100vw, 1024px\" \/><\/figure>\n\n\n\n<figure class=\"wp-block-image size-large\"><img loading=\"lazy\" decoding=\"async\" width=\"1024\" height=\"683\" data-id=\"4174\" src=\"https:\/\/altpro.com\/wp-content\/uploads\/2025\/11\/imgi_16_IMG_7972-1024x683.jpg\" alt=\"\" class=\"wp-image-4174\" srcset=\"https:\/\/altpro.com\/wp-content\/uploads\/2025\/11\/imgi_16_IMG_7972-1024x683.jpg 1024w, https:\/\/altpro.com\/wp-content\/uploads\/2025\/11\/imgi_16_IMG_7972-300x200.jpg 300w, https:\/\/altpro.com\/wp-content\/uploads\/2025\/11\/imgi_16_IMG_7972-768x512.jpg 768w, https:\/\/altpro.com\/wp-content\/uploads\/2025\/11\/imgi_16_IMG_7972-1536x1024.jpg 1536w, https:\/\/altpro.com\/wp-content\/uploads\/2025\/11\/imgi_16_IMG_7972-650x433.jpg 650w, https:\/\/altpro.com\/wp-content\/uploads\/2025\/11\/imgi_16_IMG_7972.jpg 2048w\" sizes=\"(max-width: 1024px) 100vw, 1024px\" \/><\/figure>\n\n\n\n<figure class=\"wp-block-image size-large\"><img loading=\"lazy\" decoding=\"async\" width=\"1024\" height=\"683\" data-id=\"4175\" src=\"https:\/\/altpro.com\/wp-content\/uploads\/2025\/11\/imgi_21_IMG_7647-1024x683.jpg\" alt=\"\" class=\"wp-image-4175\" srcset=\"https:\/\/altpro.com\/wp-content\/uploads\/2025\/11\/imgi_21_IMG_7647-1024x683.jpg 1024w, https:\/\/altpro.com\/wp-content\/uploads\/2025\/11\/imgi_21_IMG_7647-300x200.jpg 300w, https:\/\/altpro.com\/wp-content\/uploads\/2025\/11\/imgi_21_IMG_7647-768x512.jpg 768w, https:\/\/altpro.com\/wp-content\/uploads\/2025\/11\/imgi_21_IMG_7647-1536x1024.jpg 1536w, https:\/\/altpro.com\/wp-content\/uploads\/2025\/11\/imgi_21_IMG_7647-650x433.jpg 650w, https:\/\/altpro.com\/wp-content\/uploads\/2025\/11\/imgi_21_IMG_7647.jpg 2048w\" sizes=\"(max-width: 1024px) 100vw, 1024px\" \/><\/figure>\n<\/figure>\n\n\n\n<p><\/p>\n","protected":false},"excerpt":{"rendered":"<p>U ALTPRO-u smo danas ugostili ministra gospodarstva Antu \u0160u\u0161njara, koji je obi\u0161ao novi proizvodni pogon u Velikoj Gorici i razgovarao s Upravom o planovima za daljnje investicije, modernizaciju proizvodnje, ja\u010danje izvoza i primjenu naprednih tehnologija u \u017eeljezni\u010dkoj industriji. Tijekom sastanka bilo je rije\u010di o mogu\u0107nostima suradnje s Ministarstvom na podru\u010djima ulaganja, zapo\u0161ljavanja, istra\u017eivanja i razvoja, [&hellip;]<\/p>\n","protected":false},"author":1,"featured_media":9456,"comment_status":"closed","ping_status":"closed","sticky":false,"template":"","format":"standard","meta":{"_acf_changed":false,"footnotes":""},"categories":[65],"tags":[],"class_list":["post-9454","post","type-post","status-publish","format-standard","has-post-thumbnail","hentry","category-novosti"],"acf":[],"yoast_head":"<!-- This site is optimized with the Yoast SEO plugin v26.0 - https:\/\/yoast.com\/wordpress\/plugins\/seo\/ -->\n<title>Minister of Economy visits ALTPRO\u2019s new production facility in Velika Gorica | ALTPRO<\/title>\n<meta name=\"description\" content=\"Today, ALTPRO hosted the Minister of Economy, Ante \u0160u\u0161njar, who toured the new production facility in Velika Gorica and discussed with the Management Board plans for further investments, modernization of production, strengthening exports and the application of advanced technologies in the railway industry. During the meeting, the discussion focused on the possibilities of cooperation with [\u2026]\" \/>\n<meta name=\"robots\" content=\"index, follow, max-snippet:-1, max-image-preview:large, max-video-preview:-1\" \/>\n<link rel=\"canonical\" href=\"https:\/\/altpro.com\/hr\/ministar-gospodarstva-ante-susnjar-posjetio-proizvodni-pogon-altpro-a\/\" \/>\n<meta property=\"og:locale\" content=\"hr_HR\" \/>\n<meta property=\"og:type\" content=\"article\" \/>\n<meta property=\"og:title\" content=\"Minister of Economy visits ALTPRO\u2019s new production facility in Velika Gorica | ALTPRO\" \/>\n<meta property=\"og:description\" content=\"Today, ALTPRO hosted the Minister of Economy, Ante \u0160u\u0161njar, who toured the new production facility in Velika Gorica and discussed with the Management Board plans for further investments, modernization of production, strengthening exports and the application of advanced technologies in the railway industry. During the meeting, the discussion focused on the possibilities of cooperation with [\u2026]\" \/>\n<meta property=\"og:url\" content=\"https:\/\/altpro.com\/hr\/ministar-gospodarstva-ante-susnjar-posjetio-proizvodni-pogon-altpro-a\/\" \/>\n<meta property=\"og:site_name\" content=\"ALTPRO\" \/>\n<meta property=\"article:published_time\" content=\"2025-10-07T09:00:00+00:00\" \/>\n<meta property=\"article:modified_time\" content=\"2026-01-20T12:40:22+00:00\" \/>\n<meta property=\"og:image\" content=\"https:\/\/altpro.com\/wp-content\/uploads\/2025\/11\/imgi_21_IMG_7647.jpg\" \/>\n\t<meta property=\"og:image:width\" content=\"2048\" \/>\n\t<meta property=\"og:image:height\" content=\"1365\" \/>\n\t<meta property=\"og:image:type\" content=\"image\/jpeg\" \/>\n<meta name=\"author\" content=\"michelWP\" \/>\n<meta name=\"twitter:card\" content=\"summary_large_image\" \/>\n<meta name=\"twitter:label1\" content=\"Napisao\/la\" \/>\n\t<meta name=\"twitter:data1\" content=\"michelWP\" \/>\n\t<meta name=\"twitter:label2\" content=\"Procijenjeno vrijeme \u010ditanja\" \/>\n\t<meta name=\"twitter:data2\" content=\"3 minute\" \/>\n<script type=\"application\/ld+json\" class=\"yoast-schema-graph\">{\"@context\":\"https:\/\/schema.org\",\"@graph\":[{\"@type\":\"WebPage\",\"@id\":\"https:\/\/altpro.com\/hr\/ministar-gospodarstva-ante-susnjar-posjetio-proizvodni-pogon-altpro-a\/\",\"url\":\"https:\/\/altpro.com\/hr\/ministar-gospodarstva-ante-susnjar-posjetio-proizvodni-pogon-altpro-a\/\",\"name\":\"Minister of Economy visits ALTPRO\u2019s new production facility in Velika Gorica | ALTPRO\",\"isPartOf\":{\"@id\":\"https:\/\/altpro.com\/#website\"},\"primaryImageOfPage\":{\"@id\":\"https:\/\/altpro.com\/hr\/ministar-gospodarstva-ante-susnjar-posjetio-proizvodni-pogon-altpro-a\/#primaryimage\"},\"image\":{\"@id\":\"https:\/\/altpro.com\/hr\/ministar-gospodarstva-ante-susnjar-posjetio-proizvodni-pogon-altpro-a\/#primaryimage\"},\"thumbnailUrl\":\"https:\/\/altpro.com\/wp-content\/uploads\/2025\/11\/imgi_21_IMG_7647.jpg\",\"datePublished\":\"2025-10-07T09:00:00+00:00\",\"dateModified\":\"2026-01-20T12:40:22+00:00\",\"author\":{\"@id\":\"https:\/\/altpro.com\/#\/schema\/person\/4b6b8476794ebacfff14168b7dfee0d5\"},\"description\":\"Today, ALTPRO hosted the Minister of Economy, Ante \u0160u\u0161njar, who toured the new production facility in Velika Gorica and discussed with the Management Board plans for further investments, modernization of production, strengthening exports and the application of advanced technologies in the railway industry. During the meeting, the discussion focused on the possibilities of cooperation with [\u2026]\",\"breadcrumb\":{\"@id\":\"https:\/\/altpro.com\/hr\/ministar-gospodarstva-ante-susnjar-posjetio-proizvodni-pogon-altpro-a\/#breadcrumb\"},\"inLanguage\":\"hr\",\"potentialAction\":[{\"@type\":\"ReadAction\",\"target\":[\"https:\/\/altpro.com\/hr\/ministar-gospodarstva-ante-susnjar-posjetio-proizvodni-pogon-altpro-a\/\"]}]},{\"@type\":\"ImageObject\",\"inLanguage\":\"hr\",\"@id\":\"https:\/\/altpro.com\/hr\/ministar-gospodarstva-ante-susnjar-posjetio-proizvodni-pogon-altpro-a\/#primaryimage\",\"url\":\"https:\/\/altpro.com\/wp-content\/uploads\/2025\/11\/imgi_21_IMG_7647.jpg\",\"contentUrl\":\"https:\/\/altpro.com\/wp-content\/uploads\/2025\/11\/imgi_21_IMG_7647.jpg\",\"width\":2048,\"height\":1365},{\"@type\":\"BreadcrumbList\",\"@id\":\"https:\/\/altpro.com\/hr\/ministar-gospodarstva-ante-susnjar-posjetio-proizvodni-pogon-altpro-a\/#breadcrumb\",\"itemListElement\":[{\"@type\":\"ListItem\",\"position\":1,\"name\":\"Home\",\"item\":\"https:\/\/altpro.com\/\"},{\"@type\":\"ListItem\",\"position\":2,\"name\":\"Ministar gospodarstva Ante \u0160u\u0161njar posjetio proizvodni pogon ALTPRO-a\"}]},{\"@type\":\"WebSite\",\"@id\":\"https:\/\/altpro.com\/#website\",\"url\":\"https:\/\/altpro.com\/\",\"name\":\"ALTPRO\",\"description\":\"We engineer railway safety\",\"potentialAction\":[{\"@type\":\"SearchAction\",\"target\":{\"@type\":\"EntryPoint\",\"urlTemplate\":\"https:\/\/altpro.com\/?s={search_term_string}\"},\"query-input\":{\"@type\":\"PropertyValueSpecification\",\"valueRequired\":true,\"valueName\":\"search_term_string\"}}],\"inLanguage\":\"hr\"},{\"@type\":\"Person\",\"@id\":\"https:\/\/altpro.com\/#\/schema\/person\/4b6b8476794ebacfff14168b7dfee0d5\",\"name\":\"michelWP\",\"image\":{\"@type\":\"ImageObject\",\"inLanguage\":\"hr\",\"@id\":\"https:\/\/altpro.com\/#\/schema\/person\/image\/\",\"url\":\"https:\/\/secure.gravatar.com\/avatar\/2396f1895e66c15a2dc32b7a2cb4bda7cf5792712bfe8117f20e3109b7447481?s=96&d=mm&r=g\",\"contentUrl\":\"https:\/\/secure.gravatar.com\/avatar\/2396f1895e66c15a2dc32b7a2cb4bda7cf5792712bfe8117f20e3109b7447481?s=96&d=mm&r=g\",\"caption\":\"michelWP\"},\"sameAs\":[\"https:\/\/altpro.com\"],\"url\":\"https:\/\/altpro.com\/hr\/author\/michelwp\/\"}]}<\/script>\n<!-- \/ Yoast SEO plugin. -->","yoast_head_json":{"title":"Minister of Economy visits ALTPRO\u2019s new production facility in Velika Gorica | ALTPRO","description":"Today, ALTPRO hosted the Minister of Economy, Ante \u0160u\u0161njar, who toured the new production facility in Velika Gorica and discussed with the Management Board plans for further investments, modernization of production, strengthening exports and the application of advanced technologies in the railway industry. During the meeting, the discussion focused on the possibilities of cooperation with [\u2026]","robots":{"index":"index","follow":"follow","max-snippet":"max-snippet:-1","max-image-preview":"max-image-preview:large","max-video-preview":"max-video-preview:-1"},"canonical":"https:\/\/altpro.com\/hr\/ministar-gospodarstva-ante-susnjar-posjetio-proizvodni-pogon-altpro-a\/","og_locale":"hr_HR","og_type":"article","og_title":"Minister of Economy visits ALTPRO\u2019s new production facility in Velika Gorica | ALTPRO","og_description":"Today, ALTPRO hosted the Minister of Economy, Ante \u0160u\u0161njar, who toured the new production facility in Velika Gorica and discussed with the Management Board plans for further investments, modernization of production, strengthening exports and the application of advanced technologies in the railway industry. During the meeting, the discussion focused on the possibilities of cooperation with [\u2026]","og_url":"https:\/\/altpro.com\/hr\/ministar-gospodarstva-ante-susnjar-posjetio-proizvodni-pogon-altpro-a\/","og_site_name":"ALTPRO","article_published_time":"2025-10-07T09:00:00+00:00","article_modified_time":"2026-01-20T12:40:22+00:00","og_image":[{"width":2048,"height":1365,"url":"https:\/\/altpro.com\/wp-content\/uploads\/2025\/11\/imgi_21_IMG_7647.jpg","type":"image\/jpeg"}],"author":"michelWP","twitter_card":"summary_large_image","twitter_misc":{"Napisao\/la":"michelWP","Procijenjeno vrijeme \u010ditanja":"3 minute"},"schema":{"@context":"https:\/\/schema.org","@graph":[{"@type":"WebPage","@id":"https:\/\/altpro.com\/hr\/ministar-gospodarstva-ante-susnjar-posjetio-proizvodni-pogon-altpro-a\/","url":"https:\/\/altpro.com\/hr\/ministar-gospodarstva-ante-susnjar-posjetio-proizvodni-pogon-altpro-a\/","name":"Minister of Economy visits ALTPRO\u2019s new production facility in Velika Gorica | ALTPRO","isPartOf":{"@id":"https:\/\/altpro.com\/#website"},"primaryImageOfPage":{"@id":"https:\/\/altpro.com\/hr\/ministar-gospodarstva-ante-susnjar-posjetio-proizvodni-pogon-altpro-a\/#primaryimage"},"image":{"@id":"https:\/\/altpro.com\/hr\/ministar-gospodarstva-ante-susnjar-posjetio-proizvodni-pogon-altpro-a\/#primaryimage"},"thumbnailUrl":"https:\/\/altpro.com\/wp-content\/uploads\/2025\/11\/imgi_21_IMG_7647.jpg","datePublished":"2025-10-07T09:00:00+00:00","dateModified":"2026-01-20T12:40:22+00:00","author":{"@id":"https:\/\/altpro.com\/#\/schema\/person\/4b6b8476794ebacfff14168b7dfee0d5"},"description":"Today, ALTPRO hosted the Minister of Economy, Ante \u0160u\u0161njar, who toured the new production facility in Velika Gorica and discussed with the Management Board plans for further investments, modernization of production, strengthening exports and the application of advanced technologies in the railway industry. During the meeting, the discussion focused on the possibilities of cooperation with [\u2026]","breadcrumb":{"@id":"https:\/\/altpro.com\/hr\/ministar-gospodarstva-ante-susnjar-posjetio-proizvodni-pogon-altpro-a\/#breadcrumb"},"inLanguage":"hr","potentialAction":[{"@type":"ReadAction","target":["https:\/\/altpro.com\/hr\/ministar-gospodarstva-ante-susnjar-posjetio-proizvodni-pogon-altpro-a\/"]}]},{"@type":"ImageObject","inLanguage":"hr","@id":"https:\/\/altpro.com\/hr\/ministar-gospodarstva-ante-susnjar-posjetio-proizvodni-pogon-altpro-a\/#primaryimage","url":"https:\/\/altpro.com\/wp-content\/uploads\/2025\/11\/imgi_21_IMG_7647.jpg","contentUrl":"https:\/\/altpro.com\/wp-content\/uploads\/2025\/11\/imgi_21_IMG_7647.jpg","width":2048,"height":1365},{"@type":"BreadcrumbList","@id":"https:\/\/altpro.com\/hr\/ministar-gospodarstva-ante-susnjar-posjetio-proizvodni-pogon-altpro-a\/#breadcrumb","itemListElement":[{"@type":"ListItem","position":1,"name":"Home","item":"https:\/\/altpro.com\/"},{"@type":"ListItem","position":2,"name":"Ministar gospodarstva Ante \u0160u\u0161njar posjetio proizvodni pogon ALTPRO-a"}]},{"@type":"WebSite","@id":"https:\/\/altpro.com\/#website","url":"https:\/\/altpro.com\/","name":"ALTPRO","description":"We engineer railway safety","potentialAction":[{"@type":"SearchAction","target":{"@type":"EntryPoint","urlTemplate":"https:\/\/altpro.com\/?s={search_term_string}"},"query-input":{"@type":"PropertyValueSpecification","valueRequired":true,"valueName":"search_term_string"}}],"inLanguage":"hr"},{"@type":"Person","@id":"https:\/\/altpro.com\/#\/schema\/person\/4b6b8476794ebacfff14168b7dfee0d5","name":"michelWP","image":{"@type":"ImageObject","inLanguage":"hr","@id":"https:\/\/altpro.com\/#\/schema\/person\/image\/","url":"https:\/\/secure.gravatar.com\/avatar\/2396f1895e66c15a2dc32b7a2cb4bda7cf5792712bfe8117f20e3109b7447481?s=96&d=mm&r=g","contentUrl":"https:\/\/secure.gravatar.com\/avatar\/2396f1895e66c15a2dc32b7a2cb4bda7cf5792712bfe8117f20e3109b7447481?s=96&d=mm&r=g","caption":"michelWP"},"sameAs":["https:\/\/altpro.com"],"url":"https:\/\/altpro.com\/hr\/author\/michelwp\/"}]}},"_links":{"self":[{"href":"https:\/\/altpro.com\/hr\/wp-json\/wp\/v2\/posts\/9454","targetHints":{"allow":["GET"]}}],"collection":[{"href":"https:\/\/altpro.com\/hr\/wp-json\/wp\/v2\/posts"}],"about":[{"href":"https:\/\/altpro.com\/hr\/wp-json\/wp\/v2\/types\/post"}],"author":[{"embeddable":true,"href":"https:\/\/altpro.com\/hr\/wp-json\/wp\/v2\/users\/1"}],"replies":[{"embeddable":true,"href":"https:\/\/altpro.com\/hr\/wp-json\/wp\/v2\/comments?post=9454"}],"version-history":[{"count":3,"href":"https:\/\/altpro.com\/hr\/wp-json\/wp\/v2\/posts\/9454\/revisions"}],"predecessor-version":[{"id":9486,"href":"https:\/\/altpro.com\/hr\/wp-json\/wp\/v2\/posts\/9454\/revisions\/9486"}],"wp:featuredmedia":[{"embeddable":true,"href":"https:\/\/altpro.com\/hr\/wp-json\/wp\/v2\/media\/9456"}],"wp:attachment":[{"href":"https:\/\/altpro.com\/hr\/wp-json\/wp\/v2\/media?parent=9454"}],"wp:term":[{"taxonomy":"category","embeddable":true,"href":"https:\/\/altpro.com\/hr\/wp-json\/wp\/v2\/categories?post=9454"},{"taxonomy":"post_tag","embeddable":true,"href":"https:\/\/altpro.com\/hr\/wp-json\/wp\/v2\/tags?post=9454"}],"curies":[{"name":"wp","href":"https:\/\/api.w.org\/{rel}","templated":true}]}}