{"id":9342,"date":"2023-06-01T14:03:00","date_gmt":"2023-06-01T14:03:00","guid":{"rendered":"https:\/\/altpro.com\/exhibition-at-see-mobility-2023\/"},"modified":"2026-01-20T13:17:24","modified_gmt":"2026-01-20T13:17:24","slug":"izlaganje-na-sajmu-see-mobility-2023","status":"publish","type":"post","link":"https:\/\/altpro.com\/hr\/izlaganje-na-sajmu-see-mobility-2023\/","title":{"rendered":"Izlaganje na sajmu SEE Mobility 2023"},"content":{"rendered":"\n<p>ALTPRO je od 30.-31. svibnja 2023. izlagao na sajmu \u017eeljezni\u010dke tehnologije \u2013 <strong>SEE Mobility 2023<\/strong> u Beogradu. Ovaj regionalni sajam zna\u010dajan je za povezivanje hrvatskih tvrtki s partnerima u regiji i otvaranje poslovnih prilika.<\/p>\n\n\n\n<p>Prvog dana sajma, na ceremoniji otvaranja skup su pozdravili predstavnici Ministarstva graditeljstva, transporta i infrastrukture Republike Srbije te veleposlanstava Republike Hrvatske, Velike Britanije, Francuske i Slova\u010dke. O \u017eeljeznici kao najzelenijem i najsigurnijem obliku prijevoza, njezinoj ulozi u dekarbonizaciji te o investicijama u obnovu i modernizaciju \u017eeljeznice u regiji govorilo se na dva panela.<\/p>\n\n\n\n<p>Na prvoj panel raspravi Zvonimir Viduka, dopredsjednik Grupacije \u017eeljezni\u010dke industrije HGK i direktor tvrtke Altpro, rekao je kako modernizacija \u017eeljeznice u JI Europi i regiji otvara preduvjete za stvaranje nove tehnolo\u0161ke i uslu\u017ene industrije za \u017eeljeznicu, kao i za nova radna mjesta. &#8220;Altpro ve\u0107 godinama sura\u0111uje sa \u017eeljeznicom regije na uvo\u0111enju novih tehnolo\u0161kih rje\u0161enja.&#8221;, rekao je Viduka te je dodao kako su klasterskim povezivanjem tvrtki stvorili sna\u017eniju ponudu doma\u0107ih regionalnih proizvodnih poduze\u0107a.<\/p>\n\n\n\n<p>ALTPRO je kao <strong>zlatni sponzor<\/strong> jo\u0161 jednom pokazao svoju jaku regionalnu prisutnost i planove za brojne \u017eeljezni\u010dke projekte na ovom podru\u010dju.<\/p>\n\n\n\n<figure class=\"wp-block-gallery has-nested-images columns-default is-cropped wp-block-gallery-1 is-layout-flex wp-block-gallery-is-layout-flex\">\n<figure class=\"wp-block-image size-large\"><img fetchpriority=\"high\" decoding=\"async\" width=\"1024\" height=\"768\" data-id=\"111\" src=\"https:\/\/altpro.com\/wp-content\/uploads\/2025\/07\/imgi_14_SeeMobility-1-1024x768.jpg\" alt=\"\" class=\"wp-image-111\" srcset=\"https:\/\/altpro.com\/wp-content\/uploads\/2025\/07\/imgi_14_SeeMobility-1-1024x768.jpg 1024w, https:\/\/altpro.com\/wp-content\/uploads\/2025\/07\/imgi_14_SeeMobility-1-300x225.jpg 300w, https:\/\/altpro.com\/wp-content\/uploads\/2025\/07\/imgi_14_SeeMobility-1-768x576.jpg 768w, https:\/\/altpro.com\/wp-content\/uploads\/2025\/07\/imgi_14_SeeMobility-1-1536x1152.jpg 1536w, https:\/\/altpro.com\/wp-content\/uploads\/2025\/07\/imgi_14_SeeMobility-1.jpg 2000w\" sizes=\"(max-width: 1024px) 100vw, 1024px\" \/><\/figure>\n\n\n\n<figure class=\"wp-block-image size-large\"><img decoding=\"async\" width=\"1024\" height=\"768\" data-id=\"112\" src=\"https:\/\/altpro.com\/wp-content\/uploads\/2025\/07\/imgi_15_SeeMobility-5-1024x768.jpg\" alt=\"\" class=\"wp-image-112\" srcset=\"https:\/\/altpro.com\/wp-content\/uploads\/2025\/07\/imgi_15_SeeMobility-5-1024x768.jpg 1024w, https:\/\/altpro.com\/wp-content\/uploads\/2025\/07\/imgi_15_SeeMobility-5-300x225.jpg 300w, https:\/\/altpro.com\/wp-content\/uploads\/2025\/07\/imgi_15_SeeMobility-5-768x576.jpg 768w, https:\/\/altpro.com\/wp-content\/uploads\/2025\/07\/imgi_15_SeeMobility-5.jpg 1498w\" sizes=\"(max-width: 1024px) 100vw, 1024px\" \/><\/figure>\n\n\n\n<figure class=\"wp-block-image size-large\"><img decoding=\"async\" width=\"1024\" height=\"682\" data-id=\"114\" src=\"https:\/\/altpro.com\/wp-content\/uploads\/2025\/07\/imgi_24_2023053111280_uredjeno2-1024x682.jpg\" alt=\"\" class=\"wp-image-114\" srcset=\"https:\/\/altpro.com\/wp-content\/uploads\/2025\/07\/imgi_24_2023053111280_uredjeno2-1024x682.jpg 1024w, https:\/\/altpro.com\/wp-content\/uploads\/2025\/07\/imgi_24_2023053111280_uredjeno2-300x200.jpg 300w, https:\/\/altpro.com\/wp-content\/uploads\/2025\/07\/imgi_24_2023053111280_uredjeno2-768x512.jpg 768w, https:\/\/altpro.com\/wp-content\/uploads\/2025\/07\/imgi_24_2023053111280_uredjeno2-1536x1024.jpg 1536w, https:\/\/altpro.com\/wp-content\/uploads\/2025\/07\/imgi_24_2023053111280_uredjeno2.jpg 2009w\" sizes=\"(max-width: 1024px) 100vw, 1024px\" \/><\/figure>\n\n\n\n<figure class=\"wp-block-image size-large\"><img loading=\"lazy\" decoding=\"async\" width=\"1024\" height=\"768\" data-id=\"115\" src=\"https:\/\/altpro.com\/wp-content\/uploads\/2025\/07\/imgi_16_SeeMobility-4-1024x768.jpg\" alt=\"\" class=\"wp-image-115\" srcset=\"https:\/\/altpro.com\/wp-content\/uploads\/2025\/07\/imgi_16_SeeMobility-4-1024x768.jpg 1024w, https:\/\/altpro.com\/wp-content\/uploads\/2025\/07\/imgi_16_SeeMobility-4-300x225.jpg 300w, https:\/\/altpro.com\/wp-content\/uploads\/2025\/07\/imgi_16_SeeMobility-4-768x576.jpg 768w, https:\/\/altpro.com\/wp-content\/uploads\/2025\/07\/imgi_16_SeeMobility-4-1536x1152.jpg 1536w, https:\/\/altpro.com\/wp-content\/uploads\/2025\/07\/imgi_16_SeeMobility-4.jpg 2000w\" sizes=\"(max-width: 1024px) 100vw, 1024px\" \/><\/figure>\n<\/figure>\n","protected":false},"excerpt":{"rendered":"<p>ALTPRO je od 30.-31. svibnja 2023. izlagao na sajmu \u017eeljezni\u010dke tehnologije \u2013 SEE Mobility 2023 u Beogradu. Ovaj regionalni sajam zna\u010dajan je za povezivanje hrvatskih tvrtki s partnerima u regiji i otvaranje poslovnih prilika. Prvog dana sajma, na ceremoniji otvaranja skup su pozdravili predstavnici Ministarstva graditeljstva, transporta i infrastrukture Republike Srbije te veleposlanstava Republike Hrvatske, [&hellip;]<\/p>\n","protected":false},"author":1,"featured_media":9344,"comment_status":"closed","ping_status":"closed","sticky":false,"template":"","format":"standard","meta":{"_acf_changed":false,"footnotes":""},"categories":[66],"tags":[],"class_list":["post-9342","post","type-post","status-publish","format-standard","has-post-thumbnail","hentry","category-dogadanja"],"acf":[],"yoast_head":"<!-- This site is optimized with the Yoast SEO plugin v26.0 - https:\/\/yoast.com\/wordpress\/plugins\/seo\/ -->\n<title>Izlaganje na sajmu SEE Mobility 2023 - ALTPRO<\/title>\n<meta name=\"robots\" content=\"index, follow, max-snippet:-1, max-image-preview:large, max-video-preview:-1\" \/>\n<link rel=\"canonical\" href=\"https:\/\/altpro.com\/hr\/izlaganje-na-sajmu-see-mobility-2023\/\" \/>\n<meta property=\"og:locale\" content=\"hr_HR\" \/>\n<meta property=\"og:type\" content=\"article\" \/>\n<meta property=\"og:title\" content=\"Izlaganje na sajmu SEE Mobility 2023 - ALTPRO\" \/>\n<meta property=\"og:description\" content=\"ALTPRO je od 30.-31. svibnja 2023. izlagao na sajmu \u017eeljezni\u010dke tehnologije \u2013 SEE Mobility 2023 u Beogradu. Ovaj regionalni sajam zna\u010dajan je za povezivanje hrvatskih tvrtki s partnerima u regiji i otvaranje poslovnih prilika. Prvog dana sajma, na ceremoniji otvaranja skup su pozdravili predstavnici Ministarstva graditeljstva, transporta i infrastrukture Republike Srbije te veleposlanstava Republike Hrvatske, [&hellip;]\" \/>\n<meta property=\"og:url\" content=\"https:\/\/altpro.com\/hr\/izlaganje-na-sajmu-see-mobility-2023\/\" \/>\n<meta property=\"og:site_name\" content=\"ALTPRO\" \/>\n<meta property=\"article:published_time\" content=\"2023-06-01T14:03:00+00:00\" \/>\n<meta property=\"article:modified_time\" content=\"2026-01-20T13:17:24+00:00\" \/>\n<meta property=\"og:image\" content=\"https:\/\/altpro.com\/wp-content\/uploads\/2025\/07\/imgi_24_2023053111280_uredjeno2.jpg\" \/>\n\t<meta property=\"og:image:width\" content=\"2009\" \/>\n\t<meta property=\"og:image:height\" content=\"1339\" \/>\n\t<meta property=\"og:image:type\" content=\"image\/jpeg\" \/>\n<meta name=\"author\" content=\"michelWP\" \/>\n<meta name=\"twitter:card\" content=\"summary_large_image\" \/>\n<meta name=\"twitter:label1\" content=\"Napisao\/la\" \/>\n\t<meta name=\"twitter:data1\" content=\"michelWP\" \/>\n\t<meta name=\"twitter:label2\" content=\"Procijenjeno vrijeme \u010ditanja\" \/>\n\t<meta name=\"twitter:data2\" content=\"1 minuta\" \/>\n<script type=\"application\/ld+json\" class=\"yoast-schema-graph\">{\"@context\":\"https:\/\/schema.org\",\"@graph\":[{\"@type\":\"WebPage\",\"@id\":\"https:\/\/altpro.com\/hr\/izlaganje-na-sajmu-see-mobility-2023\/\",\"url\":\"https:\/\/altpro.com\/hr\/izlaganje-na-sajmu-see-mobility-2023\/\",\"name\":\"Izlaganje na sajmu SEE Mobility 2023 - ALTPRO\",\"isPartOf\":{\"@id\":\"https:\/\/altpro.com\/#website\"},\"primaryImageOfPage\":{\"@id\":\"https:\/\/altpro.com\/hr\/izlaganje-na-sajmu-see-mobility-2023\/#primaryimage\"},\"image\":{\"@id\":\"https:\/\/altpro.com\/hr\/izlaganje-na-sajmu-see-mobility-2023\/#primaryimage\"},\"thumbnailUrl\":\"https:\/\/altpro.com\/wp-content\/uploads\/2025\/07\/imgi_24_2023053111280_uredjeno2.jpg\",\"datePublished\":\"2023-06-01T14:03:00+00:00\",\"dateModified\":\"2026-01-20T13:17:24+00:00\",\"author\":{\"@id\":\"https:\/\/altpro.com\/#\/schema\/person\/4b6b8476794ebacfff14168b7dfee0d5\"},\"breadcrumb\":{\"@id\":\"https:\/\/altpro.com\/hr\/izlaganje-na-sajmu-see-mobility-2023\/#breadcrumb\"},\"inLanguage\":\"hr\",\"potentialAction\":[{\"@type\":\"ReadAction\",\"target\":[\"https:\/\/altpro.com\/hr\/izlaganje-na-sajmu-see-mobility-2023\/\"]}]},{\"@type\":\"ImageObject\",\"inLanguage\":\"hr\",\"@id\":\"https:\/\/altpro.com\/hr\/izlaganje-na-sajmu-see-mobility-2023\/#primaryimage\",\"url\":\"https:\/\/altpro.com\/wp-content\/uploads\/2025\/07\/imgi_24_2023053111280_uredjeno2.jpg\",\"contentUrl\":\"https:\/\/altpro.com\/wp-content\/uploads\/2025\/07\/imgi_24_2023053111280_uredjeno2.jpg\",\"width\":2009,\"height\":1339},{\"@type\":\"BreadcrumbList\",\"@id\":\"https:\/\/altpro.com\/hr\/izlaganje-na-sajmu-see-mobility-2023\/#breadcrumb\",\"itemListElement\":[{\"@type\":\"ListItem\",\"position\":1,\"name\":\"Home\",\"item\":\"https:\/\/altpro.com\/\"},{\"@type\":\"ListItem\",\"position\":2,\"name\":\"Izlaganje na sajmu SEE Mobility 2023\"}]},{\"@type\":\"WebSite\",\"@id\":\"https:\/\/altpro.com\/#website\",\"url\":\"https:\/\/altpro.com\/\",\"name\":\"ALTPRO\",\"description\":\"We engineer railway safety\",\"potentialAction\":[{\"@type\":\"SearchAction\",\"target\":{\"@type\":\"EntryPoint\",\"urlTemplate\":\"https:\/\/altpro.com\/?s={search_term_string}\"},\"query-input\":{\"@type\":\"PropertyValueSpecification\",\"valueRequired\":true,\"valueName\":\"search_term_string\"}}],\"inLanguage\":\"hr\"},{\"@type\":\"Person\",\"@id\":\"https:\/\/altpro.com\/#\/schema\/person\/4b6b8476794ebacfff14168b7dfee0d5\",\"name\":\"michelWP\",\"image\":{\"@type\":\"ImageObject\",\"inLanguage\":\"hr\",\"@id\":\"https:\/\/altpro.com\/#\/schema\/person\/image\/\",\"url\":\"https:\/\/secure.gravatar.com\/avatar\/2396f1895e66c15a2dc32b7a2cb4bda7cf5792712bfe8117f20e3109b7447481?s=96&d=mm&r=g\",\"contentUrl\":\"https:\/\/secure.gravatar.com\/avatar\/2396f1895e66c15a2dc32b7a2cb4bda7cf5792712bfe8117f20e3109b7447481?s=96&d=mm&r=g\",\"caption\":\"michelWP\"},\"sameAs\":[\"https:\/\/altpro.com\"],\"url\":\"https:\/\/altpro.com\/hr\/author\/michelwp\/\"}]}<\/script>\n<!-- \/ Yoast SEO plugin. -->","yoast_head_json":{"title":"Izlaganje na sajmu SEE Mobility 2023 - ALTPRO","robots":{"index":"index","follow":"follow","max-snippet":"max-snippet:-1","max-image-preview":"max-image-preview:large","max-video-preview":"max-video-preview:-1"},"canonical":"https:\/\/altpro.com\/hr\/izlaganje-na-sajmu-see-mobility-2023\/","og_locale":"hr_HR","og_type":"article","og_title":"Izlaganje na sajmu SEE Mobility 2023 - ALTPRO","og_description":"ALTPRO je od 30.-31. svibnja 2023. izlagao na sajmu \u017eeljezni\u010dke tehnologije \u2013 SEE Mobility 2023 u Beogradu. Ovaj regionalni sajam zna\u010dajan je za povezivanje hrvatskih tvrtki s partnerima u regiji i otvaranje poslovnih prilika. Prvog dana sajma, na ceremoniji otvaranja skup su pozdravili predstavnici Ministarstva graditeljstva, transporta i infrastrukture Republike Srbije te veleposlanstava Republike Hrvatske, [&hellip;]","og_url":"https:\/\/altpro.com\/hr\/izlaganje-na-sajmu-see-mobility-2023\/","og_site_name":"ALTPRO","article_published_time":"2023-06-01T14:03:00+00:00","article_modified_time":"2026-01-20T13:17:24+00:00","og_image":[{"width":2009,"height":1339,"url":"https:\/\/altpro.com\/wp-content\/uploads\/2025\/07\/imgi_24_2023053111280_uredjeno2.jpg","type":"image\/jpeg"}],"author":"michelWP","twitter_card":"summary_large_image","twitter_misc":{"Napisao\/la":"michelWP","Procijenjeno vrijeme \u010ditanja":"1 minuta"},"schema":{"@context":"https:\/\/schema.org","@graph":[{"@type":"WebPage","@id":"https:\/\/altpro.com\/hr\/izlaganje-na-sajmu-see-mobility-2023\/","url":"https:\/\/altpro.com\/hr\/izlaganje-na-sajmu-see-mobility-2023\/","name":"Izlaganje na sajmu SEE Mobility 2023 - ALTPRO","isPartOf":{"@id":"https:\/\/altpro.com\/#website"},"primaryImageOfPage":{"@id":"https:\/\/altpro.com\/hr\/izlaganje-na-sajmu-see-mobility-2023\/#primaryimage"},"image":{"@id":"https:\/\/altpro.com\/hr\/izlaganje-na-sajmu-see-mobility-2023\/#primaryimage"},"thumbnailUrl":"https:\/\/altpro.com\/wp-content\/uploads\/2025\/07\/imgi_24_2023053111280_uredjeno2.jpg","datePublished":"2023-06-01T14:03:00+00:00","dateModified":"2026-01-20T13:17:24+00:00","author":{"@id":"https:\/\/altpro.com\/#\/schema\/person\/4b6b8476794ebacfff14168b7dfee0d5"},"breadcrumb":{"@id":"https:\/\/altpro.com\/hr\/izlaganje-na-sajmu-see-mobility-2023\/#breadcrumb"},"inLanguage":"hr","potentialAction":[{"@type":"ReadAction","target":["https:\/\/altpro.com\/hr\/izlaganje-na-sajmu-see-mobility-2023\/"]}]},{"@type":"ImageObject","inLanguage":"hr","@id":"https:\/\/altpro.com\/hr\/izlaganje-na-sajmu-see-mobility-2023\/#primaryimage","url":"https:\/\/altpro.com\/wp-content\/uploads\/2025\/07\/imgi_24_2023053111280_uredjeno2.jpg","contentUrl":"https:\/\/altpro.com\/wp-content\/uploads\/2025\/07\/imgi_24_2023053111280_uredjeno2.jpg","width":2009,"height":1339},{"@type":"BreadcrumbList","@id":"https:\/\/altpro.com\/hr\/izlaganje-na-sajmu-see-mobility-2023\/#breadcrumb","itemListElement":[{"@type":"ListItem","position":1,"name":"Home","item":"https:\/\/altpro.com\/"},{"@type":"ListItem","position":2,"name":"Izlaganje na sajmu SEE Mobility 2023"}]},{"@type":"WebSite","@id":"https:\/\/altpro.com\/#website","url":"https:\/\/altpro.com\/","name":"ALTPRO","description":"We engineer railway safety","potentialAction":[{"@type":"SearchAction","target":{"@type":"EntryPoint","urlTemplate":"https:\/\/altpro.com\/?s={search_term_string}"},"query-input":{"@type":"PropertyValueSpecification","valueRequired":true,"valueName":"search_term_string"}}],"inLanguage":"hr"},{"@type":"Person","@id":"https:\/\/altpro.com\/#\/schema\/person\/4b6b8476794ebacfff14168b7dfee0d5","name":"michelWP","image":{"@type":"ImageObject","inLanguage":"hr","@id":"https:\/\/altpro.com\/#\/schema\/person\/image\/","url":"https:\/\/secure.gravatar.com\/avatar\/2396f1895e66c15a2dc32b7a2cb4bda7cf5792712bfe8117f20e3109b7447481?s=96&d=mm&r=g","contentUrl":"https:\/\/secure.gravatar.com\/avatar\/2396f1895e66c15a2dc32b7a2cb4bda7cf5792712bfe8117f20e3109b7447481?s=96&d=mm&r=g","caption":"michelWP"},"sameAs":["https:\/\/altpro.com"],"url":"https:\/\/altpro.com\/hr\/author\/michelwp\/"}]}},"_links":{"self":[{"href":"https:\/\/altpro.com\/hr\/wp-json\/wp\/v2\/posts\/9342","targetHints":{"allow":["GET"]}}],"collection":[{"href":"https:\/\/altpro.com\/hr\/wp-json\/wp\/v2\/posts"}],"about":[{"href":"https:\/\/altpro.com\/hr\/wp-json\/wp\/v2\/types\/post"}],"author":[{"embeddable":true,"href":"https:\/\/altpro.com\/hr\/wp-json\/wp\/v2\/users\/1"}],"replies":[{"embeddable":true,"href":"https:\/\/altpro.com\/hr\/wp-json\/wp\/v2\/comments?post=9342"}],"version-history":[{"count":2,"href":"https:\/\/altpro.com\/hr\/wp-json\/wp\/v2\/posts\/9342\/revisions"}],"predecessor-version":[{"id":9521,"href":"https:\/\/altpro.com\/hr\/wp-json\/wp\/v2\/posts\/9342\/revisions\/9521"}],"wp:featuredmedia":[{"embeddable":true,"href":"https:\/\/altpro.com\/hr\/wp-json\/wp\/v2\/media\/9344"}],"wp:attachment":[{"href":"https:\/\/altpro.com\/hr\/wp-json\/wp\/v2\/media?parent=9342"}],"wp:term":[{"taxonomy":"category","embeddable":true,"href":"https:\/\/altpro.com\/hr\/wp-json\/wp\/v2\/categories?post=9342"},{"taxonomy":"post_tag","embeddable":true,"href":"https:\/\/altpro.com\/hr\/wp-json\/wp\/v2\/tags?post=9342"}],"curies":[{"name":"wp","href":"https:\/\/api.w.org\/{rel}","templated":true}]}}